{"id":2059,"date":"2023-02-21T09:40:58","date_gmt":"2023-02-21T14:40:58","guid":{"rendered":"https:\/\/www.totalcontec.com\/?p=2059"},"modified":"2023-02-21T09:41:24","modified_gmt":"2023-02-21T14:41:24","slug":"russia-international-construction-and-construction-machinery-exhibition","status":"publish","type":"post","link":"https:\/\/www.totalcontec.com\/pt\/russia-international-construction-and-construction-machinery-exhibition\/","title":{"rendered":"Exposi\u00e7\u00e3o Internacional de M\u00e1quinas para Constru\u00e7\u00e3o e Constru\u00e7\u00e3o da R\u00fassia"},"content":{"rendered":"<div class=\"fusion-fullwidth fullwidth-box fusion-builder-row-1 fusion-flex-container nonhundred-percent-fullwidth non-hundred-percent-height-scrolling\" style=\"--awb-border-radius-top-left:0px;--awb-border-radius-top-right:0px;--awb-border-radius-bottom-right:0px;--awb-border-radius-bottom-left:0px;--awb-flex-wrap:wrap;\" ><div class=\"fusion-builder-row fusion-row fusion-flex-align-items-flex-start fusion-flex-content-wrap\" style=\"max-width:1216.8px;margin-left: calc(-4% \/ 2 );margin-right: calc(-4% \/ 2 );\"><div class=\"fusion-layout-column fusion_builder_column fusion-builder-column-0 fusion_builder_column_1_1 1_1 fusion-flex-column\" style=\"--awb-bg-size:cover;--awb-width-large:100%;--awb-margin-top-large:0px;--awb-spacing-right-large:1.92%;--awb-margin-bottom-large:0px;--awb-spacing-left-large:1.92%;--awb-width-medium:100%;--awb-spacing-right-medium:1.92%;--awb-spacing-left-medium:1.92%;--awb-width-small:100%;--awb-spacing-right-small:1.92%;--awb-spacing-left-small:1.92%;\"><div class=\"fusion-column-wrapper fusion-flex-justify-content-flex-start fusion-content-layout-column\"><div class=\"fusion-text fusion-text-1\"><h2><strong>Exposi\u00e7\u00e3o Internacional de M\u00e1quinas para Constru\u00e7\u00e3o e Constru\u00e7\u00e3o da R\u00fassia <\/strong><\/h2>\n<ul>\n<li>A Exposi\u00e7\u00e3o Internacional de M\u00e1quinas para Constru\u00e7\u00e3o e Constru\u00e7\u00e3o da R\u00fassia (CTT R\u00daSSIA) \u00e9 a maior exposi\u00e7\u00e3o internacional de m\u00e1quinas para constru\u00e7\u00e3o na R\u00fassia, \u00c1sia Central e Europa Oriental.<\/li>\n<li>A \u00e1rea de exposi\u00e7\u00e3o \u00e9 de 37.000 metros quadrados, os expositores v\u00eam de 280 empresas de todo o mundo e o p\u00fablico chega a 25.000. Ansioso para v\u00ea-lo.<\/li>\n<\/ul>\n<\/div><\/div><\/div><\/div><\/div>","protected":false},"excerpt":{"rendered":"","protected":false},"author":5,"featured_media":2062,"comment_status":"closed","ping_status":"open","sticky":false,"template":"","format":"standard","meta":{"_seopress_robots_primary_cat":"none","_seopress_titles_title":"","_seopress_titles_desc":"","_seopress_robots_index":"","footnotes":""},"categories":[1458],"tags":[],"class_list":["post-2059","post","type-post","status-publish","format-standard","has-post-thumbnail","hentry","category-news"],"_links":{"self":[{"href":"https:\/\/www.totalcontec.com\/pt\/wp-json\/wp\/v2\/posts\/2059","targetHints":{"allow":["GET"]}}],"collection":[{"href":"https:\/\/www.totalcontec.com\/pt\/wp-json\/wp\/v2\/posts"}],"about":[{"href":"https:\/\/www.totalcontec.com\/pt\/wp-json\/wp\/v2\/types\/post"}],"author":[{"embeddable":true,"href":"https:\/\/www.totalcontec.com\/pt\/wp-json\/wp\/v2\/users\/5"}],"replies":[{"embeddable":true,"href":"https:\/\/www.totalcontec.com\/pt\/wp-json\/wp\/v2\/comments?post=2059"}],"version-history":[{"count":0,"href":"https:\/\/www.totalcontec.com\/pt\/wp-json\/wp\/v2\/posts\/2059\/revisions"}],"wp:featuredmedia":[{"embeddable":true,"href":"https:\/\/www.totalcontec.com\/pt\/wp-json\/wp\/v2\/media\/2062"}],"wp:attachment":[{"href":"https:\/\/www.totalcontec.com\/pt\/wp-json\/wp\/v2\/media?parent=2059"}],"wp:term":[{"taxonomy":"category","embeddable":true,"href":"https:\/\/www.totalcontec.com\/pt\/wp-json\/wp\/v2\/categories?post=2059"},{"taxonomy":"post_tag","embeddable":true,"href":"https:\/\/www.totalcontec.com\/pt\/wp-json\/wp\/v2\/tags?post=2059"}],"curies":[{"name":"wp","href":"https:\/\/api.w.org\/{rel}","templated":true}]}}